{"id":1969,"date":"2025-05-31T09:55:39","date_gmt":"2025-05-31T07:55:39","guid":{"rendered":"https:\/\/institutdeyoga.com\/?p=1969"},"modified":"2025-07-01T15:29:32","modified_gmt":"2025-07-01T13:29:32","slug":"stage-du-27-au-30-juin-a-la-maison-du-yoga-du-plan-daups","status":"publish","type":"post","link":"https:\/\/institutdeyoga.com\/index.php\/2025\/05\/31\/stage-du-27-au-30-juin-a-la-maison-du-yoga-du-plan-daups\/","title":{"rendered":"Stage du 27 au 30 juin \u00e0 la Maison du Yoga du Plan d&rsquo;Aups."},"content":{"rendered":"<p lang=\"zxx\" align=\"JUSTIFY\"><span style=\"font-family: georgia, palatino, serif; font-size: 12pt; color: #000000;\">La pratique \u00ab\u00a0sur le tapis\u00a0\u00bb nous am\u00e8ne de fa\u00e7on subtile \u00e0 une meilleure conscience corporelle, \u00e0 approfondir notre connaissance de soi, \u00e0 une qu\u00eate personnelle de sens. En nous appuyant sur les <i>Yoga-S\u00fbtras<\/i> et sur la <i>Baghavad G\u00eeta<\/i> qui, d\u00e9j\u00e0 en son temps, donnait une grande place au Yoga, nous suivrons ce sillon vers plus de paix int\u00e9rieure pour agir dans le monde.<\/span><\/p>\n<p><span style=\"font-family: georgia, palatino, serif; font-size: 12pt;\">Ce stage aura lieu <a href=\"https:\/\/www.google.com\/maps\/place\/94+Coulet+de+la+Carpanne,+83640+Plan-d'Aups-Sainte-Baume\/@43.338554,5.702254,17z\/data=!3m1!4b1!4m6!3m5!1s0x12c9a026e9df6df7:0xc0a796e96f276f29!8m2!3d43.338554!4d5.702254!16s%2Fg%2F11rncll5gs?entry=ttu&amp;g_ep=EgoyMDI0MTEwNi4wIKXMDSoASAFQAw%3D%3D\">\u00e0 la Maison du Yoga au Plan d\u2019Aups<\/a>.<\/span><\/p>\n<p><a href=\"https:\/\/drive.google.com\/file\/d\/1hWZbGrGqpj63ftBAMOm3_lsbXtrYaM1n\/view?usp=sharing\"><span style=\"font-family: georgia, palatino, serif; font-size: 14pt;\">Programme complet du stage et inscriptions.<\/span><\/a><\/p>\n","protected":false},"excerpt":{"rendered":"<p>La pratique \u00ab\u00a0sur le tapis\u00a0\u00bb nous am\u00e8ne de fa\u00e7on subtile \u00e0 une meilleure conscience corporelle, \u00e0 approfondir notre connaissance de soi, \u00e0 une qu\u00eate personnelle de sens. En nous appuyant sur les Yoga-S\u00fbtras et sur la Baghavad G\u00eeta qui, d\u00e9j\u00e0 &hellip; <a href=\"https:\/\/institutdeyoga.com\/index.php\/2025\/05\/31\/stage-du-27-au-30-juin-a-la-maison-du-yoga-du-plan-daups\/\">Continuer la lecture <span class=\"meta-nav\">&rarr;<\/span><\/a><\/p>\n","protected":false},"author":6,"featured_media":0,"comment_status":"closed","ping_status":"open","sticky":false,"template":"","format":"standard","meta":{"footnotes":""},"categories":[5],"tags":[],"class_list":["post-1969","post","type-post","status-publish","format-standard","hentry","category-stages"],"_links":{"self":[{"href":"https:\/\/institutdeyoga.com\/index.php\/wp-json\/wp\/v2\/posts\/1969","targetHints":{"allow":["GET"]}}],"collection":[{"href":"https:\/\/institutdeyoga.com\/index.php\/wp-json\/wp\/v2\/posts"}],"about":[{"href":"https:\/\/institutdeyoga.com\/index.php\/wp-json\/wp\/v2\/types\/post"}],"author":[{"embeddable":true,"href":"https:\/\/institutdeyoga.com\/index.php\/wp-json\/wp\/v2\/users\/6"}],"replies":[{"embeddable":true,"href":"https:\/\/institutdeyoga.com\/index.php\/wp-json\/wp\/v2\/comments?post=1969"}],"version-history":[{"count":2,"href":"https:\/\/institutdeyoga.com\/index.php\/wp-json\/wp\/v2\/posts\/1969\/revisions"}],"predecessor-version":[{"id":1973,"href":"https:\/\/institutdeyoga.com\/index.php\/wp-json\/wp\/v2\/posts\/1969\/revisions\/1973"}],"wp:attachment":[{"href":"https:\/\/institutdeyoga.com\/index.php\/wp-json\/wp\/v2\/media?parent=1969"}],"wp:term":[{"taxonomy":"category","embeddable":true,"href":"https:\/\/institutdeyoga.com\/index.php\/wp-json\/wp\/v2\/categories?post=1969"},{"taxonomy":"post_tag","embeddable":true,"href":"https:\/\/institutdeyoga.com\/index.php\/wp-json\/wp\/v2\/tags?post=1969"}],"curies":[{"name":"wp","href":"https:\/\/api.w.org\/{rel}","templated":true}]}}