{"id":1693,"date":"2023-11-05T16:33:31","date_gmt":"2023-11-05T15:33:31","guid":{"rendered":"https:\/\/institutdeyoga.com\/?p=1693"},"modified":"2023-11-06T10:55:57","modified_gmt":"2023-11-06T09:55:57","slug":"stage-karma-yoga-du-3-au-5-novembre-au-plan-daups","status":"publish","type":"post","link":"https:\/\/institutdeyoga.com\/index.php\/2023\/11\/05\/stage-karma-yoga-du-3-au-5-novembre-au-plan-daups\/","title":{"rendered":"Stage karma-yoga du 3 au 5 novembre au Plan d&rsquo;Aups."},"content":{"rendered":"<p>La pratique du karma-yoga au cours de ce stage nous invitera \u00e0 nous d\u00e9tacher des b\u00e9n\u00e9fices personnels de nos actions, \u00e0 nous ouvrir \u00e0 autrui et ainsi \u00e0 une autre dimension de nous-m\u00eames.<\/p>\n<p><a href=\"https:\/\/drive.google.com\/file\/d\/1dss64xNVV-KJ991W_n-lDdR9Q7KlZSk2\/view?usp=sharing\">Programme et inscriptions<\/a>.<\/p>\n","protected":false},"excerpt":{"rendered":"<p>La pratique du karma-yoga au cours de ce stage nous invitera \u00e0 nous d\u00e9tacher des b\u00e9n\u00e9fices personnels de nos actions, \u00e0 nous ouvrir \u00e0 autrui et ainsi \u00e0 une autre dimension de nous-m\u00eames. Programme et inscriptions.<\/p>\n","protected":false},"author":6,"featured_media":0,"comment_status":"closed","ping_status":"open","sticky":false,"template":"","format":"standard","meta":{"footnotes":""},"categories":[5],"tags":[],"class_list":["post-1693","post","type-post","status-publish","format-standard","hentry","category-stages"],"_links":{"self":[{"href":"https:\/\/institutdeyoga.com\/index.php\/wp-json\/wp\/v2\/posts\/1693","targetHints":{"allow":["GET"]}}],"collection":[{"href":"https:\/\/institutdeyoga.com\/index.php\/wp-json\/wp\/v2\/posts"}],"about":[{"href":"https:\/\/institutdeyoga.com\/index.php\/wp-json\/wp\/v2\/types\/post"}],"author":[{"embeddable":true,"href":"https:\/\/institutdeyoga.com\/index.php\/wp-json\/wp\/v2\/users\/6"}],"replies":[{"embeddable":true,"href":"https:\/\/institutdeyoga.com\/index.php\/wp-json\/wp\/v2\/comments?post=1693"}],"version-history":[{"count":1,"href":"https:\/\/institutdeyoga.com\/index.php\/wp-json\/wp\/v2\/posts\/1693\/revisions"}],"predecessor-version":[{"id":1694,"href":"https:\/\/institutdeyoga.com\/index.php\/wp-json\/wp\/v2\/posts\/1693\/revisions\/1694"}],"wp:attachment":[{"href":"https:\/\/institutdeyoga.com\/index.php\/wp-json\/wp\/v2\/media?parent=1693"}],"wp:term":[{"taxonomy":"category","embeddable":true,"href":"https:\/\/institutdeyoga.com\/index.php\/wp-json\/wp\/v2\/categories?post=1693"},{"taxonomy":"post_tag","embeddable":true,"href":"https:\/\/institutdeyoga.com\/index.php\/wp-json\/wp\/v2\/tags?post=1693"}],"curies":[{"name":"wp","href":"https:\/\/api.w.org\/{rel}","templated":true}]}}