{"id":1566,"date":"2023-05-21T09:07:07","date_gmt":"2023-05-21T07:07:07","guid":{"rendered":"https:\/\/institutdeyoga.com\/?p=1566"},"modified":"2023-05-24T17:15:43","modified_gmt":"2023-05-24T15:15:43","slug":"stage-bhakti-yoga-du-17-au-21-mai-a-lourdes","status":"publish","type":"post","link":"https:\/\/institutdeyoga.com\/index.php\/2023\/05\/21\/stage-bhakti-yoga-du-17-au-21-mai-a-lourdes\/","title":{"rendered":"Stage Bhakti-Yoga du 17 au 21 mai \u00e0 Lourdes."},"content":{"rendered":"<p>Lourdes offre un cadre propice \u00e0 la pratique du Bhakti-Yoga. Ce stage offrira \u00e0 chacun(e) l&rsquo;opportunit\u00e9 d&rsquo;approfondir sa qu\u00eate spirituelle par la pratique du yoga dans un lieu unique.<\/p>\n<p>Pour plus de d\u00e9tails et\/ou inscription, cf. <a href=\"https:\/\/drive.google.com\/file\/d\/15bIlt58P7pSWu4UigneGacsDweqF_t9I\/view?usp=sharing\">programme d\u00e9taill\u00e9 de ce stage<\/a>.<\/p>\n<p><a href=\"https:\/\/www.facebook.com\/people\/Institut-de-yoga\/100022590735464\/\">Facebook<\/a>.<\/p>\n","protected":false},"excerpt":{"rendered":"<p>Lourdes offre un cadre propice \u00e0 la pratique du Bhakti-Yoga. Ce stage offrira \u00e0 chacun(e) l&rsquo;opportunit\u00e9 d&rsquo;approfondir sa qu\u00eate spirituelle par la pratique du yoga dans un lieu unique. Pour plus de d\u00e9tails et\/ou inscription, cf. programme d\u00e9taill\u00e9 de ce &hellip; <a href=\"https:\/\/institutdeyoga.com\/index.php\/2023\/05\/21\/stage-bhakti-yoga-du-17-au-21-mai-a-lourdes\/\">Continuer la lecture <span class=\"meta-nav\">&rarr;<\/span><\/a><\/p>\n","protected":false},"author":6,"featured_media":0,"comment_status":"closed","ping_status":"open","sticky":false,"template":"","format":"standard","meta":{"footnotes":""},"categories":[5],"tags":[],"class_list":["post-1566","post","type-post","status-publish","format-standard","hentry","category-stages"],"_links":{"self":[{"href":"https:\/\/institutdeyoga.com\/index.php\/wp-json\/wp\/v2\/posts\/1566","targetHints":{"allow":["GET"]}}],"collection":[{"href":"https:\/\/institutdeyoga.com\/index.php\/wp-json\/wp\/v2\/posts"}],"about":[{"href":"https:\/\/institutdeyoga.com\/index.php\/wp-json\/wp\/v2\/types\/post"}],"author":[{"embeddable":true,"href":"https:\/\/institutdeyoga.com\/index.php\/wp-json\/wp\/v2\/users\/6"}],"replies":[{"embeddable":true,"href":"https:\/\/institutdeyoga.com\/index.php\/wp-json\/wp\/v2\/comments?post=1566"}],"version-history":[{"count":2,"href":"https:\/\/institutdeyoga.com\/index.php\/wp-json\/wp\/v2\/posts\/1566\/revisions"}],"predecessor-version":[{"id":1580,"href":"https:\/\/institutdeyoga.com\/index.php\/wp-json\/wp\/v2\/posts\/1566\/revisions\/1580"}],"wp:attachment":[{"href":"https:\/\/institutdeyoga.com\/index.php\/wp-json\/wp\/v2\/media?parent=1566"}],"wp:term":[{"taxonomy":"category","embeddable":true,"href":"https:\/\/institutdeyoga.com\/index.php\/wp-json\/wp\/v2\/categories?post=1566"},{"taxonomy":"post_tag","embeddable":true,"href":"https:\/\/institutdeyoga.com\/index.php\/wp-json\/wp\/v2\/tags?post=1566"}],"curies":[{"name":"wp","href":"https:\/\/api.w.org\/{rel}","templated":true}]}}