{"id":1529,"date":"2022-10-26T14:45:31","date_gmt":"2022-10-26T12:45:31","guid":{"rendered":"https:\/\/institutdeyoga.com\/?p=1529"},"modified":"2022-11-16T10:09:18","modified_gmt":"2022-11-16T09:09:18","slug":"stage-et-assemblee-generale-du-11-au-13-novembre-au-plan-daups","status":"publish","type":"post","link":"https:\/\/institutdeyoga.com\/index.php\/2022\/10\/26\/stage-et-assemblee-generale-du-11-au-13-novembre-au-plan-daups\/","title":{"rendered":"Stage et Assembl\u00e9e G\u00e9n\u00e9rale du 11 au 13 novembre au Plan d&rsquo;Aups."},"content":{"rendered":"<p>Le week-end sera consacr\u00e9 :<\/p>\n<ul>\n<li>\u00e0 la pratique du yoga en harmonie avec la nature du vendredi 11 au soir au dimanche 13 au matin<\/li>\n<li>\u00e0 l&rsquo;assembl\u00e9e g\u00e9n\u00e9rale de l&rsquo;association le dimanche matin.<\/li>\n<\/ul>\n<p><a href=\"https:\/\/drive.google.com\/file\/d\/1zY_LBhBv0rnFyr6bebOQAqvEKH5Pw_G_\/view?usp=sharing\">Programme d\u00e9taill\u00e9.<\/a><\/p>\n<p><a href=\"https:\/\/drive.google.com\/file\/d\/17uzFrUX9lYIbsad29yc6PDn2MulBtaFk\/view?usp=sharing\">Invitation \u00e0 l&rsquo;Assembl\u00e9e G\u00e9n\u00e9rale.<\/a><\/p>\n","protected":false},"excerpt":{"rendered":"<p>Le week-end sera consacr\u00e9 : \u00e0 la pratique du yoga en harmonie avec la nature du vendredi 11 au soir au dimanche 13 au matin \u00e0 l&rsquo;assembl\u00e9e g\u00e9n\u00e9rale de l&rsquo;association le dimanche matin. Programme d\u00e9taill\u00e9. Invitation \u00e0 l&rsquo;Assembl\u00e9e G\u00e9n\u00e9rale.<\/p>\n","protected":false},"author":6,"featured_media":0,"comment_status":"closed","ping_status":"open","sticky":false,"template":"","format":"standard","meta":{"footnotes":""},"categories":[5],"tags":[],"class_list":["post-1529","post","type-post","status-publish","format-standard","hentry","category-stages"],"_links":{"self":[{"href":"https:\/\/institutdeyoga.com\/index.php\/wp-json\/wp\/v2\/posts\/1529","targetHints":{"allow":["GET"]}}],"collection":[{"href":"https:\/\/institutdeyoga.com\/index.php\/wp-json\/wp\/v2\/posts"}],"about":[{"href":"https:\/\/institutdeyoga.com\/index.php\/wp-json\/wp\/v2\/types\/post"}],"author":[{"embeddable":true,"href":"https:\/\/institutdeyoga.com\/index.php\/wp-json\/wp\/v2\/users\/6"}],"replies":[{"embeddable":true,"href":"https:\/\/institutdeyoga.com\/index.php\/wp-json\/wp\/v2\/comments?post=1529"}],"version-history":[{"count":3,"href":"https:\/\/institutdeyoga.com\/index.php\/wp-json\/wp\/v2\/posts\/1529\/revisions"}],"predecessor-version":[{"id":1532,"href":"https:\/\/institutdeyoga.com\/index.php\/wp-json\/wp\/v2\/posts\/1529\/revisions\/1532"}],"wp:attachment":[{"href":"https:\/\/institutdeyoga.com\/index.php\/wp-json\/wp\/v2\/media?parent=1529"}],"wp:term":[{"taxonomy":"category","embeddable":true,"href":"https:\/\/institutdeyoga.com\/index.php\/wp-json\/wp\/v2\/categories?post=1529"},{"taxonomy":"post_tag","embeddable":true,"href":"https:\/\/institutdeyoga.com\/index.php\/wp-json\/wp\/v2\/tags?post=1529"}],"curies":[{"name":"wp","href":"https:\/\/api.w.org\/{rel}","templated":true}]}}