{"id":1243,"date":"2021-10-11T17:52:25","date_gmt":"2021-10-11T15:52:25","guid":{"rendered":"https:\/\/institutdeyoga.com\/?p=1243"},"modified":"2022-02-08T11:15:08","modified_gmt":"2022-02-08T10:15:08","slug":"stage-kriya-yoga-1-session","status":"publish","type":"post","link":"https:\/\/institutdeyoga.com\/index.php\/2021\/10\/11\/stage-kriya-yoga-1-session\/","title":{"rendered":"Stage Kriya Yoga (1\u00b0 session) du 28 au 31 octobre 2021."},"content":{"rendered":"<p lang=\"zxx\" align=\"LEFT\"><span style=\"color: #444444;\"><span style=\"font-family: Arial, sans-serif;\"><span style=\"font-size: small;\">Les trois sessions <\/span><\/span><\/span><strong><span style=\"color: #444444;\"><span style=\"font-family: Arial, sans-serif;\"><span style=\"font-size: small;\">d&rsquo;initiation<\/span><\/span><\/span><\/strong><span style=\"color: #444444;\"><span style=\"font-family: Arial, sans-serif;\"><span style=\"font-size: small;\"> au <em>kriya-yoga<\/em> sont destin\u00e9es aux \u00e9l\u00e8ves exp\u00e9riment\u00e9s et motiv\u00e9s, d\u00e9sireux de cheminer en eux pour d\u00e9couvrir une part profonde de leur \u00eatre. Elles s&rsquo;appuient sur la tradition du <em>kriya-yoga<\/em> trans<\/span><\/span><\/span><span style=\"color: #444444;\"><span style=\"font-family: Arial, sans-serif;\"><span style=\"font-size: small;\">mise <\/span><\/span><\/span><span style=\"color: #444444;\"><span style=\"font-family: Arial, sans-serif;\"><span style=\"font-size: small;\">par Swami Satyananda Saraswati<\/span><\/span><\/span><\/p>\n<p lang=\"zxx\" align=\"LEFT\"><span style=\"color: #444444;\"><span style=\"font-family: Arial, sans-serif;\"><span style=\"font-size: small;\">Elles s&rsquo;adressent \u00e0 ceux qui ont une pratique personnell<\/span><\/span><\/span><span style=\"color: #444444;\"><span style=\"font-family: Arial, sans-serif;\"><span style=\"font-size: small;\">e <\/span><\/span><\/span><span style=\"color: #444444;\"><span style=\"font-family: Arial, sans-serif;\"><span style=\"font-size: small;\">et r\u00e9guli\u00e8re<\/span><\/span><\/span> <span style=\"color: #444444;\"><span style=\"font-family: Arial, sans-serif;\"><span style=\"font-size: small;\">du yoga sur plusieurs ann\u00e9es (postures, <em>pranayama<\/em>, m\u00e9ditation), mais surtout un \u00e9quilibre int\u00e9rieur, une tranquillit\u00e9 du mental et de l&rsquo;esprit, indispensables pour suivre le stage en toute s\u00e9r\u00e9nit\u00e9.<\/span><\/span><\/span><\/p>\n<p lang=\"zxx\" align=\"LEFT\"><span style=\"color: #444444;\"><span style=\"font-family: Arial, sans-serif;\"><span style=\"font-size: small;\">Nous commencerons par les exercices pr\u00e9liminaires, et inscrirons en douceur le <em>kriya-yoga<\/em> dans notre pratique quotidienne. <\/span><\/span><\/span><span style=\"color: #444444;\"><span style=\"font-family: Arial, sans-serif;\"><span style=\"font-size: small;\">Nous verrons en d\u00e9tail chaque exercice selon une approche lente et progressive.<\/span><\/span><\/span><\/p>\n<p lang=\"zxx\" align=\"LEFT\"><span style=\"color: #444444;\"><span style=\"font-family: Arial, sans-serif;\"><span style=\"font-size: small;\">Pour s&rsquo;inscrire aux sessions 2 et 3, il sera n\u00e9cessaire d&rsquo;avoir suivi les sessions pr\u00e9c\u00e9dentes.<\/span><\/span><\/span><\/p>\n<p lang=\"zxx\" align=\"LEFT\"><span style=\"color: #444444;\"><span style=\"font-family: Arial, sans-serif;\"><span style=\"font-size: small;\">Le nombre de participants est limit\u00e9 \u00e0 7 personnes.<\/span><\/span><\/span><\/p>\n<p lang=\"zxx\" align=\"LEFT\"><a href=\"https:\/\/drive.google.com\/file\/d\/1inDhDBqunjYXPtzrNVhppPnwtIUXmssv\/view?usp=sharing\">Programme.<\/a><\/p>\n","protected":false},"excerpt":{"rendered":"<p>Les trois sessions d&rsquo;initiation au kriya-yoga sont destin\u00e9es aux \u00e9l\u00e8ves exp\u00e9riment\u00e9s et motiv\u00e9s, d\u00e9sireux de cheminer en eux pour d\u00e9couvrir une part profonde de leur \u00eatre. Elles s&rsquo;appuient sur la tradition du kriya-yoga transmise par Swami Satyananda Saraswati Elles s&rsquo;adressent &hellip; <a href=\"https:\/\/institutdeyoga.com\/index.php\/2021\/10\/11\/stage-kriya-yoga-1-session\/\">Continuer la lecture <span class=\"meta-nav\">&rarr;<\/span><\/a><\/p>\n","protected":false},"author":6,"featured_media":0,"comment_status":"closed","ping_status":"open","sticky":false,"template":"","format":"standard","meta":{"footnotes":""},"categories":[5],"tags":[],"class_list":["post-1243","post","type-post","status-publish","format-standard","hentry","category-stages"],"_links":{"self":[{"href":"https:\/\/institutdeyoga.com\/index.php\/wp-json\/wp\/v2\/posts\/1243","targetHints":{"allow":["GET"]}}],"collection":[{"href":"https:\/\/institutdeyoga.com\/index.php\/wp-json\/wp\/v2\/posts"}],"about":[{"href":"https:\/\/institutdeyoga.com\/index.php\/wp-json\/wp\/v2\/types\/post"}],"author":[{"embeddable":true,"href":"https:\/\/institutdeyoga.com\/index.php\/wp-json\/wp\/v2\/users\/6"}],"replies":[{"embeddable":true,"href":"https:\/\/institutdeyoga.com\/index.php\/wp-json\/wp\/v2\/comments?post=1243"}],"version-history":[{"count":4,"href":"https:\/\/institutdeyoga.com\/index.php\/wp-json\/wp\/v2\/posts\/1243\/revisions"}],"predecessor-version":[{"id":1325,"href":"https:\/\/institutdeyoga.com\/index.php\/wp-json\/wp\/v2\/posts\/1243\/revisions\/1325"}],"wp:attachment":[{"href":"https:\/\/institutdeyoga.com\/index.php\/wp-json\/wp\/v2\/media?parent=1243"}],"wp:term":[{"taxonomy":"category","embeddable":true,"href":"https:\/\/institutdeyoga.com\/index.php\/wp-json\/wp\/v2\/categories?post=1243"},{"taxonomy":"post_tag","embeddable":true,"href":"https:\/\/institutdeyoga.com\/index.php\/wp-json\/wp\/v2\/tags?post=1243"}],"curies":[{"name":"wp","href":"https:\/\/api.w.org\/{rel}","templated":true}]}}