{"id":2048,"date":"2025-12-14T20:00:11","date_gmt":"2025-12-14T19:00:11","guid":{"rendered":"https:\/\/institutdeyoga.com\/?p=2048"},"modified":"2026-01-02T11:24:42","modified_gmt":"2026-01-02T10:24:42","slug":"nouvel-an-a-la-maison-du-yoga-du-31-decembre-au-2-janvier-2026","status":"publish","type":"post","link":"http:\/\/institutdeyoga.com\/index.php\/2025\/12\/14\/nouvel-an-a-la-maison-du-yoga-du-31-decembre-au-2-janvier-2026\/","title":{"rendered":"Nouvel an \u00e0 la Maison du yoga du mercredi 31 d\u00e9cembre au vendredi 2 janvier 2026."},"content":{"rendered":"<p style=\"text-align: justify;\"><span style=\"font-family: georgia, palatino, serif; font-size: 12pt;\">Nous nous unirons pendant ce stage \u00e0 tous ceux et celles au sein de toutes les traditions qui \u0153uvrent pour la paix dans le monde. Les pratiques propos\u00e9es, <em>mantras<\/em>, lectures, postures, <em>pran\u00e2y\u00e2ma<\/em>, m\u00e9ditations\u2026 seront choisies en lien avec le th\u00e8me du stage : cultiver la paix.<\/span><\/p>\n<p><span style=\"font-family: georgia, palatino, serif; font-size: 12pt;\"><a href=\"https:\/\/www.google.com\/maps\/place\/Maison+du+Yoga\/@43.338554,5.702254,17z\/data=!3m1!4b1!4m6!3m5!1s0x12c9a100712b858b:0xb85a9fc5793d1b34!8m2!3d43.338554!4d5.702254!16s%2Fg%2F11w25h371k?entry=ttu&amp;g_ep=EgoyMDI1MTExMC4wIKXMDSoASAFQAw%3D%3D\">Ce stage aura lieu \u00e0 la Maison du Yoga au Plan d&rsquo;Aups.<\/a><\/span><\/p>\n<p><a href=\"https:\/\/drive.google.com\/file\/d\/1hzqBge7v_DCAYnYab-x8kXVA0CpQRCf2\/view?usp=drive_link\"><span style=\"font-family: georgia, palatino, serif; font-size: 14pt;\">Informations et inscriptions.<\/span><\/a><\/p>\n","protected":false},"excerpt":{"rendered":"<p>Nous nous unirons pendant ce stage \u00e0 tous ceux et celles au sein de toutes les traditions qui \u0153uvrent pour la paix dans le monde. Les pratiques propos\u00e9es, mantras, lectures, postures, pran\u00e2y\u00e2ma, m\u00e9ditations\u2026 seront choisies en lien avec le th\u00e8me &hellip; <a href=\"http:\/\/institutdeyoga.com\/index.php\/2025\/12\/14\/nouvel-an-a-la-maison-du-yoga-du-31-decembre-au-2-janvier-2026\/\">Continuer la lecture <span class=\"meta-nav\">&rarr;<\/span><\/a><\/p>\n","protected":false},"author":6,"featured_media":0,"comment_status":"closed","ping_status":"open","sticky":false,"template":"","format":"standard","meta":{"footnotes":""},"categories":[5],"tags":[],"class_list":["post-2048","post","type-post","status-publish","format-standard","hentry","category-stages"],"_links":{"self":[{"href":"http:\/\/institutdeyoga.com\/index.php\/wp-json\/wp\/v2\/posts\/2048","targetHints":{"allow":["GET"]}}],"collection":[{"href":"http:\/\/institutdeyoga.com\/index.php\/wp-json\/wp\/v2\/posts"}],"about":[{"href":"http:\/\/institutdeyoga.com\/index.php\/wp-json\/wp\/v2\/types\/post"}],"author":[{"embeddable":true,"href":"http:\/\/institutdeyoga.com\/index.php\/wp-json\/wp\/v2\/users\/6"}],"replies":[{"embeddable":true,"href":"http:\/\/institutdeyoga.com\/index.php\/wp-json\/wp\/v2\/comments?post=2048"}],"version-history":[{"count":2,"href":"http:\/\/institutdeyoga.com\/index.php\/wp-json\/wp\/v2\/posts\/2048\/revisions"}],"predecessor-version":[{"id":2051,"href":"http:\/\/institutdeyoga.com\/index.php\/wp-json\/wp\/v2\/posts\/2048\/revisions\/2051"}],"wp:attachment":[{"href":"http:\/\/institutdeyoga.com\/index.php\/wp-json\/wp\/v2\/media?parent=2048"}],"wp:term":[{"taxonomy":"category","embeddable":true,"href":"http:\/\/institutdeyoga.com\/index.php\/wp-json\/wp\/v2\/categories?post=2048"},{"taxonomy":"post_tag","embeddable":true,"href":"http:\/\/institutdeyoga.com\/index.php\/wp-json\/wp\/v2\/tags?post=2048"}],"curies":[{"name":"wp","href":"https:\/\/api.w.org\/{rel}","templated":true}]}}