{"id":1886,"date":"2025-01-09T11:33:53","date_gmt":"2025-01-09T10:33:53","guid":{"rendered":"https:\/\/institutdeyoga.com\/?p=1886"},"modified":"2025-01-27T07:31:28","modified_gmt":"2025-01-27T06:31:28","slug":"karma-yoga-et-meditation-a-la-maison-du-yoga-du-vendredi-24-au-dimanche-26-janvier","status":"publish","type":"post","link":"http:\/\/institutdeyoga.com\/index.php\/2025\/01\/09\/karma-yoga-et-meditation-a-la-maison-du-yoga-du-vendredi-24-au-dimanche-26-janvier\/","title":{"rendered":"Karma-Yoga et m\u00e9ditation \u00e0 la Maison du Yoga (du vendredi 24 au dimanche 26 janvier)."},"content":{"rendered":"<p lang=\"zxx\"><span style=\"font-family: georgia, palatino, serif; font-size: 12pt;\">Nous faisons appel \u00e0 votre aide pour des travaux d&rsquo;entretien de <a href=\"https:\/\/institutdeyoga.com\/index.php\/maison-du-yoga\/\">la Maison du Yoga<\/a> les samedi 25 et 26 janvier. Selon la tradition dans le yoga, offrir de son temps b\u00e9n\u00e9volement rel\u00e8ve d&rsquo;une pratique de yoga fondamentale et efficace, le karma-yoga.\u00a0<\/span><\/p>\n<p lang=\"zxx\"><span style=\"font-family: georgia, palatino, serif; font-size: 12pt;\">Travaux pr\u00e9vus (le mat\u00e9riel n\u00e9cessaire sera sur place) : entretien de la salle de yoga ; entretien de quelques fen\u00eatres ; entretien des rampes d&rsquo;acc\u00e8s, etc.<\/span><\/p>\n<p lang=\"zxx\"><span style=\"font-family: georgia, palatino, serif; font-size: 12pt;\">Pratique de yoga et de m\u00e9ditation le matin avant le petit d\u00e9jeuner et en soir\u00e9e.\u00a0<\/span><\/p>\n<p lang=\"zxx\"><span style=\"font-family: georgia, palatino, serif; font-size: 12pt;\">Repas partag\u00e9s \u00e0 partir de ce que chacun apportera.\u00a0<\/span><\/p>\n<p lang=\"zxx\"><span style=\"font-family: georgia, palatino, serif; font-size: 12pt;\">Il est possible d&rsquo;arriver <a href=\"https:\/\/www.google.com\/maps\/place\/94+Coulet+de+la+Carpanne,+83640+Plan-d'Aups-Sainte-Baume\/@43.338554,5.702254,17z\/data=!3m1!4b1!4m6!3m5!1s0x12c9a026e9df6df7:0xc0a796e96f276f29!8m2!3d43.338554!4d5.702254!16s%2Fg%2F11rncll5gs?entry=ttu&amp;g_ep=EgoyMDI0MTEwNi4wIKXMDSoASAFQAw%3D%3D\">\u00e0 la Maison du Yoga au Plan d\u2019Aups <\/a>le vendredi \u00e0 partir de 18 h, de venir pour une journ\u00e9e ou tout le week end et de dormir sur place.<\/span><\/p>\n<p lang=\"zxx\"><span style=\"font-family: georgia, palatino, serif; font-size: 12pt;\">Pas de participation financi\u00e8re demand\u00e9e.\u00a0\u00a0<\/span><\/p>\n<p lang=\"zxx\"><span style=\"font-family: georgia, palatino, serif; font-size: 14pt;\">Inscription aupr\u00e8s de Carole au 06 95 78 04 07.<\/span><\/p>\n","protected":false},"excerpt":{"rendered":"<p>Nous faisons appel \u00e0 votre aide pour des travaux d&rsquo;entretien de la Maison du Yoga les samedi 25 et 26 janvier. Selon la tradition dans le yoga, offrir de son temps b\u00e9n\u00e9volement rel\u00e8ve d&rsquo;une pratique de yoga fondamentale et efficace, &hellip; <a href=\"http:\/\/institutdeyoga.com\/index.php\/2025\/01\/09\/karma-yoga-et-meditation-a-la-maison-du-yoga-du-vendredi-24-au-dimanche-26-janvier\/\">Continuer la lecture <span class=\"meta-nav\">&rarr;<\/span><\/a><\/p>\n","protected":false},"author":6,"featured_media":0,"comment_status":"closed","ping_status":"open","sticky":false,"template":"","format":"standard","meta":{"footnotes":""},"categories":[5],"tags":[],"class_list":["post-1886","post","type-post","status-publish","format-standard","hentry","category-stages"],"_links":{"self":[{"href":"http:\/\/institutdeyoga.com\/index.php\/wp-json\/wp\/v2\/posts\/1886","targetHints":{"allow":["GET"]}}],"collection":[{"href":"http:\/\/institutdeyoga.com\/index.php\/wp-json\/wp\/v2\/posts"}],"about":[{"href":"http:\/\/institutdeyoga.com\/index.php\/wp-json\/wp\/v2\/types\/post"}],"author":[{"embeddable":true,"href":"http:\/\/institutdeyoga.com\/index.php\/wp-json\/wp\/v2\/users\/6"}],"replies":[{"embeddable":true,"href":"http:\/\/institutdeyoga.com\/index.php\/wp-json\/wp\/v2\/comments?post=1886"}],"version-history":[{"count":5,"href":"http:\/\/institutdeyoga.com\/index.php\/wp-json\/wp\/v2\/posts\/1886\/revisions"}],"predecessor-version":[{"id":1893,"href":"http:\/\/institutdeyoga.com\/index.php\/wp-json\/wp\/v2\/posts\/1886\/revisions\/1893"}],"wp:attachment":[{"href":"http:\/\/institutdeyoga.com\/index.php\/wp-json\/wp\/v2\/media?parent=1886"}],"wp:term":[{"taxonomy":"category","embeddable":true,"href":"http:\/\/institutdeyoga.com\/index.php\/wp-json\/wp\/v2\/categories?post=1886"},{"taxonomy":"post_tag","embeddable":true,"href":"http:\/\/institutdeyoga.com\/index.php\/wp-json\/wp\/v2\/tags?post=1886"}],"curies":[{"name":"wp","href":"https:\/\/api.w.org\/{rel}","templated":true}]}}