{"id":1493,"date":"2022-09-13T17:40:00","date_gmt":"2022-09-13T15:40:00","guid":{"rendered":"https:\/\/institutdeyoga.com\/?p=1493"},"modified":"2022-09-22T15:43:03","modified_gmt":"2022-09-22T13:43:03","slug":"week-end-et-assemblee-generale-du-23-au-25-septembre","status":"publish","type":"post","link":"http:\/\/institutdeyoga.com\/index.php\/2022\/09\/13\/week-end-et-assemblee-generale-du-23-au-25-septembre\/","title":{"rendered":"Week-end et Assembl\u00e9e G\u00e9n\u00e9rale du 23 au 25 septembre."},"content":{"rendered":"<p>Le week-end sera consacr\u00e9 :<\/p>\n<ul>\n<li>\u00e0 la pratique du yoga en harmonie avec la nature du vendredi soir au dimanche matin<\/li>\n<li>\u00e0 l&rsquo;assembl\u00e9e g\u00e9n\u00e9rale de l&rsquo;association le dimanche matin.<\/li>\n<\/ul>\n<p><a href=\"https:\/\/drive.google.com\/file\/d\/1nUaHi0cYlYaOb56i1eqB1LoTDXOpBGrK\/view?usp=sharing\">Programme d\u00e9taill\u00e9.<\/a><\/p>\n","protected":false},"excerpt":{"rendered":"<p>Le week-end sera consacr\u00e9 : \u00e0 la pratique du yoga en harmonie avec la nature du vendredi soir au dimanche matin \u00e0 l&rsquo;assembl\u00e9e g\u00e9n\u00e9rale de l&rsquo;association le dimanche matin. Programme d\u00e9taill\u00e9.<\/p>\n","protected":false},"author":6,"featured_media":0,"comment_status":"closed","ping_status":"open","sticky":false,"template":"","format":"standard","meta":{"footnotes":""},"categories":[5],"tags":[],"class_list":["post-1493","post","type-post","status-publish","format-standard","hentry","category-stages"],"_links":{"self":[{"href":"http:\/\/institutdeyoga.com\/index.php\/wp-json\/wp\/v2\/posts\/1493","targetHints":{"allow":["GET"]}}],"collection":[{"href":"http:\/\/institutdeyoga.com\/index.php\/wp-json\/wp\/v2\/posts"}],"about":[{"href":"http:\/\/institutdeyoga.com\/index.php\/wp-json\/wp\/v2\/types\/post"}],"author":[{"embeddable":true,"href":"http:\/\/institutdeyoga.com\/index.php\/wp-json\/wp\/v2\/users\/6"}],"replies":[{"embeddable":true,"href":"http:\/\/institutdeyoga.com\/index.php\/wp-json\/wp\/v2\/comments?post=1493"}],"version-history":[{"count":2,"href":"http:\/\/institutdeyoga.com\/index.php\/wp-json\/wp\/v2\/posts\/1493\/revisions"}],"predecessor-version":[{"id":1495,"href":"http:\/\/institutdeyoga.com\/index.php\/wp-json\/wp\/v2\/posts\/1493\/revisions\/1495"}],"wp:attachment":[{"href":"http:\/\/institutdeyoga.com\/index.php\/wp-json\/wp\/v2\/media?parent=1493"}],"wp:term":[{"taxonomy":"category","embeddable":true,"href":"http:\/\/institutdeyoga.com\/index.php\/wp-json\/wp\/v2\/categories?post=1493"},{"taxonomy":"post_tag","embeddable":true,"href":"http:\/\/institutdeyoga.com\/index.php\/wp-json\/wp\/v2\/tags?post=1493"}],"curies":[{"name":"wp","href":"https:\/\/api.w.org\/{rel}","templated":true}]}}